{"id":1387,"date":"2020-02-22T12:02:48","date_gmt":"2020-02-22T11:02:48","guid":{"rendered":"http:\/\/outsiderland.com\/loisirs-nature-paulhac\/?p=1387"},"modified":"2020-05-22T22:56:59","modified_gmt":"2020-05-22T20:56:59","slug":"assemblee-generale-lnp-du-21-fevrier-2020","status":"publish","type":"post","link":"https:\/\/www.outsiderland.com\/loisirs-nature-paulhac2\/2020\/02\/22\/assemblee-generale-lnp-du-21-fevrier-2020\/","title":{"rendered":"Assembl\u00e9e g\u00e9n\u00e9rale LNP du 21 f\u00e9vrier 2020."},"content":{"rendered":"<p>Assembl\u00e9e g\u00e9n\u00e9rale de l\u2019association Loisirs nature Paulhac.<\/p>\n<p>Vendredi 21 f\u00e9vrier 2020<\/p>\n<p>\u00c9taient pr\u00e9sents : Marc Vidalenc, Alexandre Thierry, Jean-Paul Jouve, Maurice Lhours, Bernard Sarrouy, Philippe Coutarel (membre du bureau), Mathis Barriol, Jacky Barriol (Adjoint au maire), Annie Andrieux (maire), Anthony Riom (membre du bureau, responsable des chantiers de nettoyage), Bernard Riom (conseiller municipal \u00e0 C\u00e9zens), Emmanuel Combe (pr\u00e9sident d\u2019honneur), Alain Pag\u00e8s (tr\u00e9sorier), Arnaud Thuillier (pr\u00e9sident)<\/p>\n<p>Excus\u00e9s : Magali Beignet (secr\u00e9taire), Fr\u00e9d\u00e9rick Bancharel, Patrick Fayole.<\/p>\n<p>&#8211; Convention avec l\u2019ONF et bilan de la r\u00e9union du 19 f\u00e9vrier 2020.<\/p>\n<p>\tLe mercredi 19 f\u00e9vrier Arnaud Thuillier et Emmanuel Combe ont rencontr\u00e9 Mme Joly, M. Bastide et M. Corradi pour la mise en place d\u2019une convention entre LNP, les communes de Paulhac, Valu\u00e9jols et C\u00e9zens et l\u2019ONF pour acter les autorisations de balisage des circuits actuels et \u00e0 venir de l\u2019association. Cette convention sera r\u00e9dig\u00e9e par le service juridique de l\u2019ONF moyennant 150 euros. Ces frais de r\u00e9daction seront pris en charge par la mairie de Paulhac. <\/p>\n<p>\tLors de la r\u00e9union, a \u00e9t\u00e9 abord\u00e9 \u00e9galement la faisabilit\u00e9 du nouveau trac\u00e9 de circuit permanent vers C\u00e9zens : le circuit n\u00b010 \u201cLes Trois Ponts\u201d (voir le trac\u00e9, ci-apr\u00e8s). L\u2019expertise de M. Bastide a permis de corriger le trac\u00e9 pour la travers\u00e9e du bois du Sucal conform\u00e9ment \u00e0 la r\u00e8glementation de l\u2019ONF qui proscrit toute travers\u00e9e des bois hors des pistes d\u2019exploitation. M. Bastide apportera \u00e9galement un \u00e9clairage et une expertise pr\u00e9cieuse pour les passages pr\u00e8s du bois de Neirebrousse, de la Champ du Chez et de Bonafou.<\/p>\n<p>\tDurant de cette r\u00e9union nous avons \u00e9galement clarifi\u00e9 ensemble la question des responsabilit\u00e9s. Mme Joly nous a judicieusement rappel\u00e9 les risques inh\u00e9rents \u00e0 la travers\u00e9e des bois et les accidents possibles li\u00e9s aux chutes de branches ou d\u2019arbres malades. Nous avons donc convenu ensemble d\u2019ajouter des correctifs aux recommandations faites par l\u2019association lors des manifestations temporaires et au d\u00e9part des circuits permanents. Lors des manifestations temporaires, chaque participants devra obligatoirement signer une d\u00e9charge en cas d\u2019accident avant le d\u00e9part. Une signature des participants sera exigible au d\u00e9part et \u00e0 l\u2019arriv\u00e9e des randonn\u00e9es. Un membre de l\u2019association ouvrira les circuits pendant qu\u2019un autre membre fera \u201cvoiture balais\u201d pour v\u00e9rifier que personne ne manque ou qu\u2019il n\u2019y a pas eu de d\u00e9gradations ou d\u2019accidents en cours de manifestation. La municipalit\u00e9 sera inform\u00e9e de la manifestation par courrier (par un avis) 24 heures avant.<\/p>\n<p>\tEn outre, LNP compl\u00e8tera les recommandations sur tous les circuits permanents (au d\u00e9part des circuits et sur les topo-guides). Seront ajout\u00e9es les mentions suivantes :<br \/>\n&#8211; \u201cLa for\u00eat est un milieu naturel en \u00e9volution qui peut pr\u00e9senter des risques (racines saillantes, chutes de branches, chutes d\u2019arbres, exploitation foresti\u00e8re en cours) : merci de rester particuli\u00e8rement prudent et vigilent face \u00e0 ces risques.\u201d<br \/>\n&#8211; \u201cMerci de penser que vous n\u2019\u00eates pas les seuls usagers des chemins\u201d.<br \/>\n&#8211; \u201cLorsque vous randonnez sur nos chemins, vous \u00eates sous votre seule responsabilit\u00e9. L\u2019association Loisirs Nature Paulhac, les mairies de Paulhac, C\u00e9zens et Valu\u00e9jols et l\u2019ONF se d\u00e9chargent de toute responsabilit\u00e9 en cas d\u2019accident survenant sur nos sentiers balis\u00e9s.\u201d<\/p>\n<p>\tCes questions de responsabilit\u00e9 seront inscrites ou mentionn\u00e9es dans la future convention r\u00e9dig\u00e9e par l\u2019ONF.<\/p>\n<p>\tEnfin, il a \u00e9t\u00e9 convenu avec M. Corradi que les 5 arbres tomb\u00e9s au bois de Mercou (en travers du chemin central) seront ramass\u00e9s et d\u00e9coup\u00e9s par les employ\u00e9s communaux et donn\u00e9s \u00e0 la municipalit\u00e9. Ce bois pourra \u00eatre utilis\u00e9 par la commune comme bon lui semble (pour de futurs travaux d\u2019am\u00e9nagement, par exemple).<\/p>\n<p>&#8211; Point financier et point sur les d\u00e9penses \u00e0 pr\u00e9voir en 2020.<\/p>\n<p>\tAlain Pag\u00e8s, tr\u00e9sorier, a fait \u00e9tat de la situation financi\u00e8re de l\u2019association. En 2019, les d\u00e9penses s&rsquo;\u00e9levaient \u00e0 671,89 euros et les recettes \u00e0 1560,50 euros, soit un b\u00e9n\u00e9fice de 888,61 euros. Le compte courant pr\u00e9sente un solde cr\u00e9diteur de 3359,55 euros et le fond de caisse s\u2019\u00e9l\u00e8ve \u00e0 55 euros, soit un solde cr\u00e9diteur de 3414,55 euros.<\/p>\n<p>Parmi les d\u00e9penses :<br \/>\n&#8211; Achat de chevrons Boudon : 41,47 euros.<br \/>\n&#8211; Achat d\u2019autocollants (Point Com) : 34,20 euros.<br \/>\n&#8211; Achat de panneaux de balisage jaunes pour manifestations temporaires (Point Com) : 249,60 euros.<br \/>\n&#8211; Achat plaque pour balisage permanent : 91,37 euros.<br \/>\n&#8211; Assurance responsabilit\u00e9 civile : 118,08 euros.<br \/>\n&#8211; Assurance multirisque (manifestations sportives) : 137,17 euros.<\/p>\n<p>Parmi les recettes :<br \/>\n&#8211; Subvention du conseil d\u00e9partemental (Mme Meyronnenc) : 250 euros.<br \/>\n&#8211; Vente du mat\u00e9riel de ski de fond et raquettes : 590,50 euros.<br \/>\n&#8211; Recette des manifestations : 700 euros.<br \/>\n&#8211; Dons pour ravitaillement par \u00c9nergies Sanfloraines d\u2019une valeur de 58,52 euros.<\/p>\n<p>\tQuelles recettes en dehors de nos manifestations pouvons nous envisager en 2020 ? La campagne 2020 du Fonds de D\u00e9veloppement \u00e0 la Vie Associative (FDVA) \u00ab\u00a0fonctionnement et Innovation\u00a0\u00bb va d\u00e9buter. La campagne est ouverte du 17 janvier au 8 mars 2020. Seule la t\u00e9l\u00e9proc\u00e9dure est accept\u00e9e (via le \u00ab\u00a0Compte Association\u00a0\u00bb). Arnaud Thuillier, pr\u00e9sident, regardera s\u2019il est possible de d\u00e9poser une demande de subvention par ce biais.\u2028<br \/>\n\tNous avons \u00e9galement \u00e9voqu\u00e9 les achats \u00e0 pr\u00e9voir : visserie, futures \u00e9tiquettes et autocollants de balisage dans l\u2019optique de la mise en place des nouveaux circuits. Il a \u00e9t\u00e9 demand\u00e9 \u00e0 Philippe Coutarel de r\u00e9fl\u00e9chir \u00e0 une nouvelle signal\u00e9tique pour les d\u00e9parts et les arriv\u00e9es des circuits permanents afin de r\u00e9cup\u00e9rer des balises et d\u2019\u00e9viter une pollution visuelle trop importante dans le bourg et les environs. Ces autocollants ne comporteraient pas les noms des circuits mais seulement leurs num\u00e9ros accompagn\u00e9s du fl\u00e9chage.<\/p>\n<p>\tAlain Pag\u00e8s a sign\u00e9 un ch\u00e8que \u00e0 Anthony Riom pour qu\u2019il se charge des achats n\u00e9cessaires (visserie, notamment) pour la mise en place des passages canadiens sur les futurs circuits.<\/p>\n<p>\tPhilippe Coutarel a propos\u00e9 la mise \u00e0 disposition de vestes griff\u00e9es avec le logo de l\u2019association. Une quinzaine vestes seraient financ\u00e9es par sponsoring et cr\u00e9\u00e9 par l&rsquo;entreprise Point Com. Il a \u00e9t\u00e9 convenu d\u2019\u00e9tablir une somme restant \u00e0 charge des membres de l\u2019association d\u00e9sirant faire l\u2019acquisition de cette veste. Cette somme a \u00e9t\u00e9 fix\u00e9e \u00e0 10 euros. Cette op\u00e9ration serait une op\u00e9ration blanche pour l\u2019association mais permettrait \u00e0 tous les membre de LNP de se signaler lors de nos manifestations.\u2028<br \/>\n&#8211; Programmation et sectorisation des chantiers de nettoyage 2020 : <\/p>\n<p>\tDeux journ\u00e9es de nettoyage ont d\u00e9j\u00e0 \u00e9t\u00e9 effectu\u00e9es et ont permis d\u2019ouvrir un chemin cadastr\u00e9 au dessus du vieux moulin de Pont Farin, avec l\u2019accord de la propri\u00e9taire des parcelles adjacentes Mme La\u00effa, r\u00e9sidant \u00e0 Cussac. Quelques am\u00e9nagements restent \u00e0 faire sur ce secteur, notamment la mise en place de passages canadiens et de travers. <\/p>\n<p>\tIl a \u00e9t\u00e9 rappel\u00e9 que ces journ\u00e9es de nettoyage qui font appel aux b\u00e9n\u00e9voles ne sont en aucun cas une obligation pour les membres de l\u2019association. Chaque aide \u00e9tant pr\u00e9cieuse, l\u2019association LNP comprend que ses membres s\u2019investissent \u00e0 hauteur de leurs moyens et de leurs disponibilit\u00e9s. Un effort sera fait pour l\u2019information concernant ces journ\u00e9es de nettoyage car tous les membres ne sont pas connect\u00e9s aux r\u00e9seaux sociaux et il conviendra \u00e0 l\u2019avenir de mieux faire circuler l\u2019information de programmation des travaux de nettoyage.<\/p>\n<p>\tCette ann\u00e9e, il a \u00e9t\u00e9 d\u00e9cid\u00e9 de donner la priorit\u00e9  aux chantiers n\u00e9cessaires \u00e0 la mise en place des nouveaux circuits. <\/p>\n<p>\tAinsi, le plus gros chantier sera le nettoyage du chemin reliant le Pont d\u2019Anthony au village de Paulhiagol, sur la commune de C\u00e9zens. Nous avons pour cela re\u00e7u une autorisation \u00e9crite de la municipalit\u00e9 de C\u00e9zens. Ce chantier se fera en collaboration avec la municipalit\u00e9 de C\u00e9zens car il n\u00e9cessitera le drainage d\u2019une zone humide et d\u2019une zone d\u2019\u00e9gout sauvage en haut du chemin. Parall\u00e8lement, le chantier demande l\u2019usage d\u2019une mini-pelle car le chemin en question est encombr\u00e9 de grosses pierres et d\u2019un bloc de b\u00e9ton. M. Bernard Riom a rappel\u00e9 la n\u00e9cessit\u00e9 d\u2019informer assez t\u00f4t la municipalit\u00e9 de C\u00e9zens de la programmation des travaux. Il a \u00e9t\u00e9 convenu d\u2019effectuer ce chantier fin mars, d\u00e9but avril, avant que la v\u00e9g\u00e9tation ait d\u00e9marr\u00e9.<\/p>\n<p>\tPar ailleurs, nous avons list\u00e9 ensemble les autres chantiers de nettoyage et d\u2019am\u00e9nagements \u00e0 pr\u00e9voir lors de ce printemps 2020 : <\/p>\n<p>&#8211; Nettoyage d\u2019un chemin sous le village de Douze, au lieu dit \u201cLes Chades\u201d.<br \/>\n&#8211; Mise en place des passages canadiens sur le chemin ouvert r\u00e9cemment au dessus de  Pont Farin.<br \/>\n&#8211; Finalisation de l\u2019am\u00e9nagement pour la travers\u00e9e du bois de M. Ciri\u00e9 entre Muratel et Le Chambon dans le bois de Muratel.<br \/>\n&#8211; Nettoyage d\u2019un chemin entre La Chaumette de Chambernon et Cussac, au lieu-dit \u201cLa Champ\u201d.<br \/>\n&#8211; Mise en place d\u2019une passerelle pour traverser le ruisseau \u00e0 Loudiers, derri\u00e8re le stade.<br \/>\n&#8211; Nettoyage et rangement du local.<br \/>\n&#8211; Balisage des circuits 9 et 10.<br \/>\n&#8211; R\u00e9am\u00e9nagement de la signal\u00e9tique des circuits aux carrefours du bois des Fraux afin d\u2019\u00e9viter le positionnement des balises sur les arbres.<\/p>\n<p>Emmanuel Combe prendra en charge avec l\u2019aide de julien Sourjac le per\u00e7age des nouvelles plaques de balisage.<\/p>\n<p>&#8211; Mise en service des nouveaux circuits.<\/p>\n<p>Deux nouveaux circuits permanents devraient voir le jour en 2020.<\/p>\n<p>&#8211; Le circuit n\u00b09 \u201cLes Murets\u201d de 18,5km<\/p>\n<p>&#8211; Le circuit n\u00b010 \u201cLes Trois ponts\u201d (avec deux variantes, une version courte de 29km et une version longue de 35km)<\/p>\n<p>\tNous avons re\u00e7u pour l\u2019instant les autorisations \u00e9crites pour le balisage de ces circuits de la part des communes de C\u00e9zens et des Ternes. Nous attendons encore l\u2019autorisation \u00e9crite de la commune de Cussac pour le circuit n\u00b09 mais M. Michaud, maire de Cussac, a donn\u00e9 son accord oralement lors d\u2019un entretien t\u00e9l\u00e9phonique en janvier. La convention ONF prendra en compte ces deux nouveaux circuits.<\/p>\n<p>&#8211; Projet d\u2019am\u00e9nagement de la 3\u00e8me cascade de Muratel.<\/p>\n<p>\tMettant en avant la fr\u00e9quentation grandissante du site des cascades de Muratel, Mathis Barriol a pr\u00e9sent\u00e9 un projet d\u2019am\u00e9nagement type \u201cNorthshore\u201d (planchers et escaliers en bois sur piliers) pour acc\u00e9der \u00e0 la troisi\u00e8me cascade, pour l\u2019instant peu visible, en aval des cascades principales. L\u2019acc\u00e8s se ferait rive gauche sur les parcelles communales. Ce chantier serait men\u00e9 conjointement avec LNP sur une initiative de plusieurs jeunes qui sont partie prenante : Anthony Moujol, Thimoth\u00e9 Blanquet, Evan Bayon, Hugo Muret et K\u00e9vin Grenier.<\/p>\n<p>\tCe projet n\u00e9cessitant une main d\u2019oeuvre cons\u00e9quente et des adultes pour le pilotage de l\u2019op\u00e9ration ainsi que des moyens cons\u00e9quents pour sa mise en oeuvre, l\u2019association LNP a d\u00e9cid\u00e9 de le soutenir par tous les moyens dont elle dispose. En outre, il a \u00e9t\u00e9 d\u00e9cid\u00e9 d\u2019organiser une manifestation sp\u00e9cifique pour permettre son financement (voir organisation des manifestations 2020). Il a \u00e9t\u00e9 stipul\u00e9 que M. Bernard Niocel pourrait \u00eatre un appui pour le projet. Anthony Riom a fait valoir que des poteaux t\u00e9l\u00e9phoniques pourraient \u00eatre achet\u00e9s pour une somme modique afin de mettre en oeuvre l\u2019am\u00e9nagement. Les arbres tomb\u00e9s cet hiver dans le bois de Mercou peuvent \u00e9galement servir dans ce but.<\/p>\n<p>&#8211; Programmation des manifestations 2020.<\/p>\n<p>\tLa foire aux fleurs aura lieu cette ann\u00e9e le 24 mai. Une id\u00e9e de trac\u00e9 p\u00e9destre de 15km a d\u00e9j\u00e0 \u00e9t\u00e9 test\u00e9e in situ. Reste \u00e0 pr\u00e9voir les trac\u00e9s VTT. Anthony Riom aura \u00e0 charge de r\u00e9fl\u00e9chir \u00e0 ces trac\u00e9s. Les randonn\u00e9es des fleurs s\u2019organiseront comme d\u2019habitude. Une participation de 5 euros sera demand\u00e9e aux randonneurs pour les deux ravitaillements. Arnaud Thuillier se chargera de la communication et de l\u2019affichage. Fr\u00e9d\u00e9rick Bancharel de l&rsquo;association Cantal Mountain Bike a gentiment propos\u00e9 de mettre \u00e0  notre disposition deux VTT \u00e0 assistance \u00e9lectrique pour cette manifestation. Ils nous permettront d\u2019ouvrir et de fermer les circuits pour plus de s\u00e9curit\u00e9. \u00bb<\/p>\n<p>\tAfin de soutenir le projet d\u2019am\u00e9nagement de Mathis Barriol aux cascades de Muratel, LNP a d\u00e9cid\u00e9 de donner vie \u00e0 une manifestation suppl\u00e9mentaire cette ann\u00e9e. Le samedi 27 juin 2020, il a \u00e9t\u00e9 pr\u00e9vu d\u2019organiser un repas payant en ext\u00e9rieur sur le site des cascades de Muratel : des randonn\u00e9es diurnes avant le repas et des randonn\u00e9es nocturnes apr\u00e8s seraient organis\u00e9es avec des guides. Plusieurs id\u00e9es ont \u00e9t\u00e9 pr\u00e9sent\u00e9es : cochon \u00e0 la broche, lentilles, fromage et cerises pour le repas qui ne devra pas d\u00e9passer 13 euros par personne, demande de buvette, invitation de randonneurs \u00e0 Cheval (Chabridet), invitation d\u2019un conteur. Quelques soucis logistiques ont \u00e9galement \u00e9t\u00e9 \u00e9voqu\u00e9s : mise en place de tables, \u00e9lectricit\u00e9 sur le site, structure, solution de repli en cas de mauvais temps, zone de parking. Philippe Coutarel a \u00e9galement \u00e9mis l\u2019id\u00e9e d\u2019organiser le repas \u00e0 la salle de f\u00eates de Paulhac avec une randonn\u00e9e en direction des cascades, simplifiant ainsi quelque peu l\u2019organisation. Une prochaine r\u00e9union permettra de finaliser le projet de mani\u00e8re plus pr\u00e9cise et plus aboutie. Un nom a d\u00e9j\u00e0 \u00e9t\u00e9 choisi : \u201cLes vir\u00e9es nocturnes de la cascade\u201d. L\u2019int\u00e9gralit\u00e9 de la recette serait r\u00e9serv\u00e9e \u00e0 la mise en oeuvre du projet d\u2019am\u00e9nagement d\u2019acc\u00e8s \u00e0 la troisi\u00e8me cascade de Muratel (pr\u00e9sent\u00e9 ci-dessus). Le repas sera \u00e9videmment soumis \u00e0 r\u00e9servation 15 jours \u00e0 l\u2019avance et nous avons d\u00e9cid\u00e9 d\u2019ouvrir les inscriptions un mois avant, lors de la foire aux fleurs, moyennant une r\u00e9duction, afin d\u2019avoir d\u00e8s le d\u00e9part une id\u00e9e plus pr\u00e9cise du nombre de repas \u00e0 pr\u00e9voir.<\/p>\n<p>\tEnfin, les randonn\u00e9es de la Saint Roch auront lieu comme chaque ann\u00e9e fin ao\u00fbt lors de la f\u00eate patronale du bourg. \u00c0 cette occasion, une mini course sur circuit typ\u00e9 XC olympique pourrait \u00eatre organis\u00e9e au bois de Mercou afin de changer un peu de l\u2019offre habituelle que propose l\u2019association. Cette mini-course pourrait donner lieu \u00e0 des frais d\u2019inscription plus \u00e9lev\u00e9s avec un lot \u00e0 gagner \u00e0 la cl\u00e9. Une reconnaissance in situ a d\u00e9j\u00e0 \u00e9t\u00e9 faite dans ce sens : le circuit pr\u00e9vu fait 5,1km pour 75m de d\u00e9nivel\u00e9 positif. Nous n\u2019avons pas eu le temps d\u2019\u00e9voquer cette question en r\u00e9union mais elle sera soumise \u00e0 discussion lors des prochaines rencontres pour l\u2019organisation de cet \u00e9v\u00e9nement.<\/p>\n<p>&#8211; Regard sur les devis pour changer d\u2019assurance.<\/p>\n<p>\tAlain Pag\u00e8s a pr\u00e9sent\u00e9 en s\u00e9ance un devis pour un changement d\u2019assurance pour l\u2019association \u00e9manant de l\u2019entreprise MMA. Il s\u2019est engag\u00e9 \u00e0 poursuivre sa d\u00e9marche de demande de devis aupr\u00e8s d\u2019Aviva et du Cr\u00e9dit Agricole. Emmanuel Combe se chargera de demander un devis aupr\u00e8s de Groupama et Arnaud Thuillier aupr\u00e8s de la MAIF. Arnaud Thuillier se chargera de r\u00e9ceptionner par mail les futurs devis afin d\u2019\u00e9tablir un tableau comparatif prix\/prestation en vue d\u2019une prise de d\u00e9cision future pour un \u00e9ventuel changement.<\/p>\n<p>\tLes demandes de devis devront comprendre l\u2019assurance du nouveau local avec une couverture pour des biens d\u2019une valeur de 3000 euros, la responsabilit\u00e9 civile pour 10 membres de l\u2019association, une assurance multirisque pour l\u2019organisation de manifestation \u00e0 caract\u00e8re sportif.<\/p>\n","protected":false},"excerpt":{"rendered":"<p>Assembl\u00e9e g\u00e9n\u00e9rale de l\u2019association Loisirs nature Paulhac. Vendredi 21 f\u00e9vrier 2020 \u00c9taient pr\u00e9sents : Marc Vidalenc, Alexandre Thierry, Jean-Paul Jouve, Maurice Lhours, Bernard Sarrouy, Philippe Coutarel (membre du bureau), Mathis Barriol, Jacky Barriol (Adjoint au maire), Annie Andrieux (maire), Anthony Riom (membre du bureau, responsable des chantiers de nettoyage), Bernard Riom (conseiller municipal \u00e0 C\u00e9zens), Emmanuel Combe (pr\u00e9sident d\u2019honneur), Alain Pag\u00e8s (tr\u00e9sorier), Arnaud Thuillier (pr\u00e9sident) Excus\u00e9s : Magali Beignet (secr\u00e9taire), Fr\u00e9d\u00e9rick Bancharel, Patrick Fayole. &#8211; Convention avec l\u2019ONF et bilan&#8230;<\/p>\n<p class=\"read-more\"><a class=\"btn btn-default\" href=\"https:\/\/www.outsiderland.com\/loisirs-nature-paulhac2\/2020\/02\/22\/assemblee-generale-lnp-du-21-fevrier-2020\/\">Lire la suite<span class=\"screen-reader-text\"> Lire la suite<\/span><\/a><\/p>\n","protected":false},"author":5,"featured_media":0,"comment_status":"closed","ping_status":"open","sticky":false,"template":"","format":"standard","meta":{"footnotes":""},"categories":[],"tags":[],"class_list":["post-1387","post","type-post","status-publish","format-standard","hentry"],"_links":{"self":[{"href":"https:\/\/www.outsiderland.com\/loisirs-nature-paulhac2\/wp-json\/wp\/v2\/posts\/1387","targetHints":{"allow":["GET"]}}],"collection":[{"href":"https:\/\/www.outsiderland.com\/loisirs-nature-paulhac2\/wp-json\/wp\/v2\/posts"}],"about":[{"href":"https:\/\/www.outsiderland.com\/loisirs-nature-paulhac2\/wp-json\/wp\/v2\/types\/post"}],"author":[{"embeddable":true,"href":"https:\/\/www.outsiderland.com\/loisirs-nature-paulhac2\/wp-json\/wp\/v2\/users\/5"}],"replies":[{"embeddable":true,"href":"https:\/\/www.outsiderland.com\/loisirs-nature-paulhac2\/wp-json\/wp\/v2\/comments?post=1387"}],"version-history":[{"count":3,"href":"https:\/\/www.outsiderland.com\/loisirs-nature-paulhac2\/wp-json\/wp\/v2\/posts\/1387\/revisions"}],"predecessor-version":[{"id":1391,"href":"https:\/\/www.outsiderland.com\/loisirs-nature-paulhac2\/wp-json\/wp\/v2\/posts\/1387\/revisions\/1391"}],"wp:attachment":[{"href":"https:\/\/www.outsiderland.com\/loisirs-nature-paulhac2\/wp-json\/wp\/v2\/media?parent=1387"}],"wp:term":[{"taxonomy":"category","embeddable":true,"href":"https:\/\/www.outsiderland.com\/loisirs-nature-paulhac2\/wp-json\/wp\/v2\/categories?post=1387"},{"taxonomy":"post_tag","embeddable":true,"href":"https:\/\/www.outsiderland.com\/loisirs-nature-paulhac2\/wp-json\/wp\/v2\/tags?post=1387"}],"curies":[{"name":"wp","href":"https:\/\/api.w.org\/{rel}","templated":true}]}}