{"id":1378,"date":"2019-09-07T10:27:31","date_gmt":"2019-09-07T08:27:31","guid":{"rendered":"http:\/\/outsiderland.com\/loisirs-nature-paulhac\/?p=1378"},"modified":"2019-09-07T10:27:31","modified_gmt":"2019-09-07T08:27:31","slug":"compte-rendu-de-lassemblee-generale-lnp-du-6-septembre-2019","status":"publish","type":"post","link":"https:\/\/www.outsiderland.com\/loisirs-nature-paulhac2\/2019\/09\/07\/compte-rendu-de-lassemblee-generale-lnp-du-6-septembre-2019\/","title":{"rendered":"Compte-rendu de l&rsquo;assembl\u00e9e g\u00e9n\u00e9rale LNP du 6 septembre 2019."},"content":{"rendered":"<p>Assembl\u00e9e g\u00e9n\u00e9rale de l\u2019association Loisirs nature Paulhac.<\/p>\n<p>Vendredi 6 septembre 2019<\/p>\n<p>\u00c9taient pr\u00e9sents : <\/p>\n<p>Emmanuel Combes, Anthony Riom, Alain Pag\u00e8s, Arnaud Thuillier, Philippe Coutarel, Maurice Lhours, Jacky Barriol, Thierry Barriol, G\u00e9raldine Ciri\u00e9, Magali Beignet et Mathieu Portefaix.<br \/>\nM. Bernard Riom, conseiller municipal \u00e0 C\u00e9zens.<br \/>\nMme Annie Andrieux, maire de Paulhac.<\/p>\n<p>Excus\u00e9 : Fr\u00e9d\u00e9rick Bancharel.<\/p>\n<p>1. Bilan financier, recherche de sponsors, achats \u00e0 pr\u00e9voir.<\/p>\n<p>Alain Pag\u00e8s, tr\u00e9sorier a fait l\u2019\u00e9tat des d\u00e9penses et des recettes pour l\u2019ann\u00e9e 2018-2019. La manifestation de la foire aux fleurs a rencontr\u00e9 un vif succ\u00e8s avec 140 participants. Les randos de la Saint-Roch ont quant \u00e0 elles attir\u00e9 un peu moins de monde avec 62 participants payants. Le bilan a \u00e9t\u00e9 jug\u00e9 globalement satisfaisant.<\/p>\n<p>Au titre des d\u00e9penses, un gros effort a \u00e9t\u00e9 fait pour la signal\u00e9tique des circuits temporaires (pancartes de balisage pour les marcheurs) et pour les circuits permanents : renouv\u00e8lement des balises existantes, panneaux de signalisation de propri\u00e9t\u00e9 priv\u00e9e, panneau r\u00e9capitulatif des circuits.<\/p>\n<p>Au 6 septembre 2019, le compte de l\u2019association pr\u00e9sente un solde positif de 3315,19 euros.<\/p>\n<p>Nous avons \u00e9galement \u00e9voqu\u00e9 les d\u00e9penses \u00e0 envisager dans un avenir proche. <\/p>\n<p>Pr\u00e9sentation des devis concernant la nouvelle signal\u00e9tique pour le balisage temporaire VTT, la com-com ayant r\u00e9cup\u00e9r\u00e9 75 panneaux. Besoin : 100 panneaux de 20x40cm, fond jaune sur panneaux en polypropyl\u00e8ne. L\u2019entreprise POINT COM avec qui nous travaillons depuis longtemps a \u00e9t\u00e9 retenue, s\u2019engageant \u00e0 nous faire une bonne proposition sur des panneaux en impression directe sur panneaux de polypropyl\u00e8ne jaunes.<\/p>\n<p>Une autre id\u00e9e a \u00e9t\u00e9 \u00e9voqu\u00e9e et retenue : l\u2019achat de deux ou trois voiles publicitaires pour le stade et pour les manifestations organis\u00e9es par l\u2019association. L\u00e0 encore, nous sommes dans l\u2019attente de devis par l\u2019entreprise POINT COM.<\/p>\n<p>Demande de subventions et sponsoring.<\/p>\n<p>Bilan du sponsoring 2019 : ravitaillement liquide par \u00c9nergies Sanfloraines (JF Toulze), ravitaillement solide par Bio Attitude et une douzaine de piquets pour balisage donn\u00e9 par les \u00e9tablissement Boudon.<\/p>\n<p>La d\u00e9cision de solliciter d\u2019autres entreprises a \u00e9t\u00e9 prise et en premier lieu les entreprises de la commune qui pourront \u00eatre solliciter \u00e0 titre gratuit pour la premi\u00e8re ann\u00e9e. Les logos de nos partenaires seront mis en valeur dans les communications de l\u2019association (site, affiches) mais \u00e9galement via le topo-guide de la commune. Il a \u00e9t\u00e9 d\u00e9cid\u00e9 de cr\u00e9er un book de pr\u00e9sentation de l\u2019association pour d\u00e9marcher aupr\u00e8s des entreprises. Les partenaires pourront \u00eatre sollicit\u00e9s pour une aide financi\u00e8re, un pr\u00eat ou un don de mat\u00e9riaux ou de mat\u00e9riel, une aide logistique temporaire.<\/p>\n<p>Demande de subventions. Un courrier type a \u00e9t\u00e9 fait. La Communaut\u00e9 de commune de Saint-Flour et le conseil d\u00e9partemental du Cantal seront prochainement sollicit\u00e9s. Mme Andrieux, maire de Paulhac, s\u2019est engag\u00e9e \u00e0 faire le relais de ces demandes aupr\u00e8s des personnes comp\u00e9tentes.<\/p>\n<p>2. Travaux urgents \u00e0 effectuer \u00e0 l&rsquo;automne sur les circuits permanents.<\/p>\n<p>Pr\u00e9vision pour am\u00e9nagement d\u2019une zone en bois priv\u00e9 apr\u00e8s les cascades de Muratel. Les travaux ont d\u00e9j\u00e0 \u00e9t\u00e9 engag\u00e9s sur ce secteur : construction d\u2019un passage canadien et signal\u00e9tique \u201cpropri\u00e9t\u00e9 priv\u00e9e\u201d. G\u00e9raldine Ciri\u00e9, propri\u00e9taire du bois en question \u00e9tait pr\u00e9sente et a donn\u00e9 son accord pour ces am\u00e9nagements faisant justement remarquer que les pancartes d\u2019information \u201cPropri\u00e9t\u00e9 priv\u00e9e\u201d devraient \u00eatre mises en place au deux entr\u00e9es de la section. Anthony Riom, responsable des chantiers et G\u00e9radine Ciri\u00e9 sont tomb\u00e9s d\u2019accord pour travailler de concert sur les autres am\u00e9nagements \u00e0 pr\u00e9voir \u00e0 l\u2019automne.<\/p>\n<p>Les balises fix\u00e9es sur les arbres ont \u00e9t\u00e9 prot\u00e9g\u00e9es avec des tasseaux de bois. Certaines doivent encore \u00eatre refix\u00e9es sur ce mod\u00e8le. Pour \u00e9viter de fixer les balises sur les arbres : l\u2019association pr\u00e9voit l\u2019utilisation des piquets Boudon, r\u00e9cup\u00e9r\u00e9s r\u00e9cemment par Emmanuel Combes. Un chantier est \u00e0 pr\u00e9voir rapidement sur la clairi\u00e8re du bois des Fraux.<\/p>\n<p>3. Pr\u00e9vision des trac\u00e9s et des manifestations pour 2020.<\/p>\n<p>Des id\u00e9es sont en cours, notamment en s\u2019appuyant sur l\u2019exp\u00e9rience de cette ann\u00e9e.<\/p>\n<p>&#8211; Foire aux Fleurs : un grand circuit qui passerait sur Paulhac et C\u00e9zens avec un passage au Pont d\u2019Anthony. Probl\u00e8me : un nettoyage est \u00e0 pr\u00e9voir sur un chemin communal de C\u00e9zens (200m de chemin creux). Une demande au conseil municipal a \u00e9t\u00e9 faite dans ce sens. Travaux \u00e0 pr\u00e9voir au printemps.<\/p>\n<p>M. Bernard Riom, conseiller municipal \u00e0 C\u00e9zens \u00e9tait pr\u00e9sent pour nous apporter son expertise. Le courrier a \u00e9t\u00e9 re\u00e7u par le conseil municipal de C\u00e9zens et un accord nous sera communiqu\u00e9 prochainement par \u00e9crit. Ce dernier s\u2019est montr\u00e9 plut\u00f4t favorable \u00e0 cette initiative faisant remarquer que ce nettoyage profiterait \u00e9galement aux randonn\u00e9es p\u00e9destres organis\u00e9es sur la commune de C\u00e9zens et \u00e0 la mise en valeur d\u2019un site d\u2019exception. Nous conviendront des modalit\u00e9s du chantier d\u00e8s r\u00e9ception de l\u2019accord de la commune de C\u00e9zens. Travaux pr\u00e9vus pour avril 2020.<\/p>\n<p>&#8211; Pour la marche : l\u2019id\u00e9e est de faire passer un itin\u00e9raire p\u00e9destre pr\u00e8s du lac du Cibial et du buron du Coucou. Demande expertises et autorisations aupr\u00e8s de G\u00e9raldine Ciri\u00e9.<\/p>\n<p>&#8211; Id\u00e9e de valorisation des producteurs locaux. Demande aupr\u00e8s des producteurs locaux pour faisabilit\u00e9 de ravitaillements \u00e0 la ferme. Miel de Tuph\u00e9, Cantal du Jarry, Viande bovine locale lors d\u2019un barbecue flash ride nocturne en juin. Les membres pr\u00e9sents sont tomb\u00e9s d\u2019accord pour concevoir cette randonn\u00e9e gastronomique, d\u00e9couverte des produits du terroir en dehors des deux manifestations que LNP organise actuellement : soit \u00e0 l\u2019automne, soit au d\u00e9but de l\u2019\u00e9t\u00e9 autour d\u2019une randonn\u00e9e nocturne. Aucune d\u00e9cision n\u2019a pour l\u2019heure \u00e9t\u00e9 arr\u00eat\u00e9e. Emmanuel Combes a rappel\u00e9 que le four de Pradalanche pourrait \u00eatre un lieu int\u00e9ressant comme point de chute de cette nouvelle manifestation.<\/p>\n<p>&#8211; Discussion sur la faisabilit\u00e9 d\u2019un circuit permanent passant par les montagnes et rejoignant soit Prat-de-bouc, soit la Sagnette. Demande expertises et autorisations aupr\u00e8s des agriculteurs : Ciri\u00e9, Andrieux, Tardieu, Modenel. Le projet ne pourra voir le jour en 2020 mais l\u2019association s\u2019engage \u00e0 lancer une discussion avec les propri\u00e9taires des espaces en question et les diff\u00e9rents partenaires. Trois possibilit\u00e9s ont \u00e9t\u00e9 envisag\u00e9es :<br \/>\n\t&#8211; un passage par les montagnes de Paulhac (Cibial, Coucou, Echamps)<br \/>\n\t&#8211; un passage par le GR4 actuel avec un am\u00e9nagement de passages canadiens n\u00e9cessaires car des passages sont difficiles (se mettre en relation avec le PDIPR pour cette action si elle est retenue)<br \/>\n\t&#8211; un passage par Le Ch\u00e9 et les pistes de ski de fond (Au dessus de la vall\u00e9e d\u2019Albepierre).<br \/>\n\t&#8211; un passage par Le Ch\u00e9 et la montagne du Chairol.<\/p>\n<p>4. Organisation du d\u00e9m\u00e9nagement au local du terrain de foot.<\/p>\n<p>Mme Andrieux a pr\u00e9sent\u00e9 la convention de mise \u00e0 disposition du local du terrain de foot. L\u2019association a donn\u00e9 son accord et la convention sera sign\u00e9e prochainement. Avant d\u00e9m\u00e9nagement, un \u00e9tat des lieux sera fait et LNP s\u2019engage \u00e0 effectuer les am\u00e9nagements n\u00e9cessaires pour l\u2019agr\u00e9ment des personnes et la s\u00e9curit\u00e9 du mat\u00e9riel qui y sera entrepos\u00e9. Mme Andrieux a rappel\u00e9 la vigilance que LNP devra montrer quant \u00e0 la consommation de l\u2019\u00e9lectricit\u00e9 qui restera \u00e0 la charge de la commune. L\u2019assurance de l\u2019association devra \u00e9galement \u00eatre revue pour l\u2019usage de ces locaux.<\/p>\n<p>5. R\u00e9organisation du bureau de l\u2019association.<\/p>\n<p>Emmanuel Combes ayant \u00e9mis le souhait de ne plus \u00eatre pr\u00e9sident du bureau de l\u2019association, nous avons r\u00e9organis\u00e9 ce dernier comme suit : <\/p>\n<p>&#8211; Magali Beignet, secr\u00e9taire et membre actif, en charge de la valorisation des circuits pour les randonn\u00e9es \u00e9questres et le cani-cross.<\/p>\n<p>&#8211; Philippe Coutarel, membre actif, en charge des visuels, des impressions de la signal\u00e9tique, des barbecues et des ravitaillements.<\/p>\n<p>&#8211; Alain Pag\u00e8s, membre actif, tr\u00e9sorier.<\/p>\n<p>&#8211; Anthony Riom, membre actif en charge des circuits temporaires, des chantiers de nettoyage et de valorisation et du balisage des itin\u00e9raires temporaires.<\/p>\n<p>&#8211; Arnaud Thuillier, pr\u00e9sident, membre actif en charge de la communication, du site internet et de la gestion de la page facebook, de l\u2019entretien du balisage des circuits permanents, des courriers, de l\u2019organisation des \u201crand-au-nez flash ride\u201d.<\/p>\n<p>&#8211; Emmanuel Combes, membre actif et fondateur de l\u2019association, pr\u00e9sident d\u2019honneur en charge de ce qu\u2019il souhaite prendre en charge.<\/p>\n<p>Autres membres actifs : Marc Vidalenc, Maurice Lhours, Jacky Barriol, Thierry Barriol.<\/p>\n","protected":false},"excerpt":{"rendered":"<p>Assembl\u00e9e g\u00e9n\u00e9rale de l\u2019association Loisirs nature Paulhac. Vendredi 6 septembre 2019 \u00c9taient pr\u00e9sents : Emmanuel Combes, Anthony Riom, Alain Pag\u00e8s, Arnaud Thuillier, Philippe Coutarel, Maurice Lhours, Jacky Barriol, Thierry Barriol, G\u00e9raldine Ciri\u00e9, Magali Beignet et Mathieu Portefaix. M. Bernard Riom, conseiller municipal \u00e0 C\u00e9zens. Mme Annie Andrieux, maire de Paulhac. Excus\u00e9 : Fr\u00e9d\u00e9rick Bancharel. 1. Bilan financier, recherche de sponsors, achats \u00e0 pr\u00e9voir. Alain Pag\u00e8s, tr\u00e9sorier a fait l\u2019\u00e9tat des d\u00e9penses et des recettes pour l\u2019ann\u00e9e 2018-2019. La manifestation de&#8230;<\/p>\n<p class=\"read-more\"><a class=\"btn btn-default\" href=\"https:\/\/www.outsiderland.com\/loisirs-nature-paulhac2\/2019\/09\/07\/compte-rendu-de-lassemblee-generale-lnp-du-6-septembre-2019\/\">Lire la suite<span class=\"screen-reader-text\"> Lire la suite<\/span><\/a><\/p>\n","protected":false},"author":5,"featured_media":0,"comment_status":"closed","ping_status":"open","sticky":false,"template":"","format":"standard","meta":{"footnotes":""},"categories":[],"tags":[],"class_list":["post-1378","post","type-post","status-publish","format-standard","hentry"],"_links":{"self":[{"href":"https:\/\/www.outsiderland.com\/loisirs-nature-paulhac2\/wp-json\/wp\/v2\/posts\/1378","targetHints":{"allow":["GET"]}}],"collection":[{"href":"https:\/\/www.outsiderland.com\/loisirs-nature-paulhac2\/wp-json\/wp\/v2\/posts"}],"about":[{"href":"https:\/\/www.outsiderland.com\/loisirs-nature-paulhac2\/wp-json\/wp\/v2\/types\/post"}],"author":[{"embeddable":true,"href":"https:\/\/www.outsiderland.com\/loisirs-nature-paulhac2\/wp-json\/wp\/v2\/users\/5"}],"replies":[{"embeddable":true,"href":"https:\/\/www.outsiderland.com\/loisirs-nature-paulhac2\/wp-json\/wp\/v2\/comments?post=1378"}],"version-history":[{"count":1,"href":"https:\/\/www.outsiderland.com\/loisirs-nature-paulhac2\/wp-json\/wp\/v2\/posts\/1378\/revisions"}],"predecessor-version":[{"id":1380,"href":"https:\/\/www.outsiderland.com\/loisirs-nature-paulhac2\/wp-json\/wp\/v2\/posts\/1378\/revisions\/1380"}],"wp:attachment":[{"href":"https:\/\/www.outsiderland.com\/loisirs-nature-paulhac2\/wp-json\/wp\/v2\/media?parent=1378"}],"wp:term":[{"taxonomy":"category","embeddable":true,"href":"https:\/\/www.outsiderland.com\/loisirs-nature-paulhac2\/wp-json\/wp\/v2\/categories?post=1378"},{"taxonomy":"post_tag","embeddable":true,"href":"https:\/\/www.outsiderland.com\/loisirs-nature-paulhac2\/wp-json\/wp\/v2\/tags?post=1378"}],"curies":[{"name":"wp","href":"https:\/\/api.w.org\/{rel}","templated":true}]}}